{"id":4404,"date":"2025-02-13T14:45:09","date_gmt":"2025-02-13T14:45:09","guid":{"rendered":"https:\/\/passerelles-theatre.fr\/site\/?p=4404"},"modified":"2025-03-04T14:32:42","modified_gmt":"2025-03-04T14:32:42","slug":"bayeux-ces-novices-du-theatre-font-leurs-premiers-pas-sur-scene-avec-larme-a-gauche","status":"publish","type":"post","link":"https:\/\/passerelles-theatre.fr\/site\/bayeux-ces-novices-du-theatre-font-leurs-premiers-pas-sur-scene-avec-larme-a-gauche\/","title":{"rendered":"Bayeux : ces novices du th\u00e9\u00e2tre font leurs premiers pas sur sc\u00e8ne avec \u00ab\u00a0L&rsquo;Arme \u00e0 Gauche\u00a0\u00bb"},"content":{"rendered":"\n<p>Le 20 f\u00e9vrier 2025 \u00e0 19 h, l&rsquo;auditorium de Bayeux se transforme en terrain de jeu burlesque : un spectacle o\u00f9 l&rsquo;on meurt\u2026 de rire !<\/p>\n\n\n\n<!--more-->\n\n\n\n<p>Le 20 f\u00e9vrier 2025 \u00e0 19 h, l\u2019auditorium de <a href=\"https:\/\/actu.fr\/normandie\/bayeux_14047\">Bayeux<\/a> (Calvados) accueillera un spectacle pas comme les autres : <strong>\u00ab&nbsp;L\u2019Arme \u00e0 Gauche&nbsp;\u00bb<\/strong>, une cr\u00e9ation d\u00e9tonante men\u00e9e tambour battant par la <strong>Compagnie Passerelles Th\u00e9\u00e2tre<\/strong>.<\/p>\n\n\n\n<p>Sur sc\u00e8ne, des habitants de Bayeux et des environs, pour la plupart <strong>novices en th\u00e9\u00e2tre<\/strong>, offriront une s\u00e9rie de sc\u00e9nettes burlesques o\u00f9 la mort se joue avec <strong>l\u00e9g\u00e8ret\u00e9 et humour<\/strong>. Oui, vous avez bien lu, on va mourir de rire\u2026 litt\u00e9ralement !<\/p>\n\n\n\n<h2 class=\"wp-block-heading\">\u00ab&nbsp;Couteau, pistolet\u2026 bien s\u00fbr tout est faux, mais l\u2019effet est garanti&nbsp;\u00bb<\/h2>\n\n\n\n<p>Depuis le 5 novembre 2024, une joyeuse troupe travaille d\u2019arrache-pied pour donner vie \u00e0 ce <strong>spectacle<\/strong>.<\/p>\n\n\n\n<p>\u00ab&nbsp;On apprend des textes avec deux professeurs, mais tout est parti d\u2019improvisations. On n\u2019avait pas de th\u00e8me pr\u00e9d\u00e9fini au d\u00e9but, on est tous cr\u00e9ateurs de ce spectacle&nbsp;\u00bb,&nbsp;expliquent les participants.<\/p>\n\n\n\n<p>Rapidement, un sujet s\u2019est impos\u00e9 \u00e0 eux : <strong>la mort<\/strong>. Pas celle qui fait pleurer dans les chaumi\u00e8res, non, celle qui fait rire aux \u00e9clats, <strong>fa\u00e7on cartoon<\/strong> : des chutes absurdes, des armes en carton et des situations aussi grotesques qu\u2019hilarantes.<\/p>\n\n\n\n<p>\u00ab&nbsp;Chaque sc\u00e8ne est une mort grotesque, burlesque,&nbsp;\u00bb raconte l\u2019un des participants en riant.<\/p>\n\n\n\n<h2 class=\"wp-block-heading\">Un d\u00e9fi pour les acteurs&nbsp;<\/h2>\n\n\n\n<p>Un d\u00e9fi de taille pour les apprentis com\u00e9diens Pour la plupart, c\u2019est une <strong>premi\u00e8re exp\u00e9rience<\/strong> th\u00e9\u00e2trale.<\/p>\n\n\n\n<p>\u00ab&nbsp;Au d\u00e9but, c\u2019est assez stressant\u2026 Monter sur sc\u00e8ne, ce n\u2019est pas rien, mais on est un groupe soud\u00e9, on a cr\u00e9\u00e9 du lien entre nous.&nbsp;\u00bb<\/p>\n\n\n\n<p>D\u2019ailleurs, ce n\u2019est pas qu\u2019une aventure artistique : gr\u00e2ce \u00e0 France Travail, la Mission Locale et l\u2019Ecole des Parents et des Educateurs, cet atelier a permis \u00e0 des personnes <strong>en recherche d\u2019emploi<\/strong> de d\u00e9couvrir le th\u00e9\u00e2tre <strong>sous un nouvel angle<\/strong>.<\/p>\n\n\n\n<p><strong>Samuel Desonfontaines<\/strong>, metteur en sc\u00e8ne, insiste sur l\u2019importance du projet : \u00ab&nbsp;Le but de cette compagnie, c\u2019est d\u2019amener des personnes qui ne vont pas au th\u00e9\u00e2tre, au th\u00e9\u00e2tre. Par ces actions, de vraiment cr\u00e9er un groupe qui construit un spectacle. Nous, metteurs en sc\u00e8ne, on est juste l\u00e0 pour les aider \u00e0 cr\u00e9er.&nbsp;\u00bb&nbsp;<\/p>\n\n\n\n<h2 class=\"wp-block-heading\">Une promesse : du rire et du grand n\u2019importe quoi !<\/h2>\n\n\n\n<p>Le spectacle promet <strong>une heure de d\u00e9lire<\/strong>, entre absurdit\u00e9 et autod\u00e9rision.<\/p>\n\n\n\n<p>\u00ab&nbsp;\u00c7a va \u00eatre \u00e0 mourir de rire&nbsp;\u00bb,&nbsp;plaisantent les com\u00e9diens. La troupe donnera tout sur sc\u00e8ne pour partager une explosion de cr\u00e9ativit\u00e9 et de folie douce.<\/p>\n\n\n\n<p>Jeudi 20 f\u00e9vrier \u00e0 19 h \u00e0 l\u2019auditorium de Bayeux. Entr\u00e9e libre, r\u00e9servation conseill\u00e9e : https:\/\/my.weezevent.com\/larme-a-gauche.&nbsp;<\/p>\n\n\n\n<p>Par <strong><a href=\"https:\/\/actu.fr\/auteur\/redaction-rb\">R\u00e9daction Le Bessin<\/a><\/strong> Publi\u00e9 le 13 f\u00e9vr. 2025<\/p>\n","protected":false},"excerpt":{"rendered":"<p>Le 20 f\u00e9vrier 2025 \u00e0 19 h, l&rsquo;auditorium de Bayeux se transforme en terrain de jeu burlesque : un spectacle o\u00f9 l&rsquo;on meurt\u2026 de rire !<\/p>\n","protected":false},"author":2,"featured_media":4405,"comment_status":"closed","ping_status":"closed","sticky":false,"template":"","format":"standard","meta":{"_et_pb_use_builder":"off","_et_pb_old_content":"","_et_gb_content_width":"","footnotes":""},"categories":[3],"tags":[],"class_list":["post-4404","post","type-post","status-publish","format-standard","has-post-thumbnail","hentry","category-revue-de-presse"],"aioseo_notices":[],"_links":{"self":[{"href":"https:\/\/passerelles-theatre.fr\/site\/wp-json\/wp\/v2\/posts\/4404"}],"collection":[{"href":"https:\/\/passerelles-theatre.fr\/site\/wp-json\/wp\/v2\/posts"}],"about":[{"href":"https:\/\/passerelles-theatre.fr\/site\/wp-json\/wp\/v2\/types\/post"}],"author":[{"embeddable":true,"href":"https:\/\/passerelles-theatre.fr\/site\/wp-json\/wp\/v2\/users\/2"}],"replies":[{"embeddable":true,"href":"https:\/\/passerelles-theatre.fr\/site\/wp-json\/wp\/v2\/comments?post=4404"}],"version-history":[{"count":1,"href":"https:\/\/passerelles-theatre.fr\/site\/wp-json\/wp\/v2\/posts\/4404\/revisions"}],"predecessor-version":[{"id":4406,"href":"https:\/\/passerelles-theatre.fr\/site\/wp-json\/wp\/v2\/posts\/4404\/revisions\/4406"}],"wp:featuredmedia":[{"embeddable":true,"href":"https:\/\/passerelles-theatre.fr\/site\/wp-json\/wp\/v2\/media\/4405"}],"wp:attachment":[{"href":"https:\/\/passerelles-theatre.fr\/site\/wp-json\/wp\/v2\/media?parent=4404"}],"wp:term":[{"taxonomy":"category","embeddable":true,"href":"https:\/\/passerelles-theatre.fr\/site\/wp-json\/wp\/v2\/categories?post=4404"},{"taxonomy":"post_tag","embeddable":true,"href":"https:\/\/passerelles-theatre.fr\/site\/wp-json\/wp\/v2\/tags?post=4404"}],"curies":[{"name":"wp","href":"https:\/\/api.w.org\/{rel}","templated":true}]}}