{"id":4375,"date":"2024-12-11T09:45:15","date_gmt":"2024-12-11T09:45:15","guid":{"rendered":"https:\/\/passerelles-theatre.fr\/site\/?p=4375"},"modified":"2024-12-11T09:46:49","modified_gmt":"2024-12-11T09:46:49","slug":"decouverte-des-metiers-du-spectacle-vivant","status":"publish","type":"post","link":"https:\/\/passerelles-theatre.fr\/site\/decouverte-des-metiers-du-spectacle-vivant\/","title":{"rendered":"D\u00e9couverte des m\u00e9tiers du spectacle vivant"},"content":{"rendered":"\n<p>Tu as entre 16 \u00e0 25 ans ? Tu aimerais d\u00e9couvrir les m\u00e9tiers li\u00e9s au spectacle vivant ? Gr\u00e2ce \u00e0 des stages en pr\u00e9sence de professionnel.le.s tu pourras d\u00e9couvrir leurs m\u00e9tiers et les techniques li\u00e9es \u00e0 leurs comp\u00e9tences (mise en sc\u00e8ne, musique, lumi\u00e8re\/son, jeu d\u2019acteurs\u2026).<\/p>\n\n\n\n<p>Inscris-toi d\u00e8s maintenant ! <a href=\"https:\/\/my.weezevent.com\/decouverte-des-metiers-du-spectacle-vivant\" target=\"_blank\" rel=\"noopener\" title=\"\">https:\/\/my.weezevent.com\/decouverte-des-metiers-du-spectacle-vivant<\/a><\/p>\n\n\n\n<!--more-->\n\n\n\n<p>Accompagn\u00e9.e.s par des artistes professionnel.le.s tu d\u00e9couvriras les m\u00e9tiers du spectacle. Chacun.ne viendra pr\u00e9senter son parcours, ses exp\u00e9riences, et son travail sur le spectacle [AFK] Enfin, tu pourras essayer chacun des champs artistiques propos\u00e9s.<\/p>\n\n\n\n<p><strong>24 janvier 2025 \u00e0 14h <\/strong>: Rendez-vous au Quai des arts \u00e0 Argentan <br><strong>D\u00e9couverte des coulisses :<\/strong> installation technique du plateau, mise en lumi\u00e8re, et r\u00e9p\u00e9titions en direct.<br><strong>Repr\u00e9sentation du spectacle [AFK] <\/strong> : un moment fort avec de la r\u00e9flexion<br><strong>Rencontres enrichissantes <\/strong>: \u00e9change avec les artistes et les techniciens sur leurs m\u00e9tiers (mise en sc\u00e8ne, musique, son, lumi\u00e8re, jeu d&rsquo;acteurs\u2026).<\/p>\n\n\n\n<p><strong>Des stages : <\/strong><\/p>\n\n\n\n<p><strong>4, 5 &amp; 7 f\u00e9vrier<\/strong> : \u00c9crire et mettre en sc\u00e8ne avec Clotilde Labb\u00e9 autrice et metteuse en sc\u00e8ne <br><strong>26, 27 &amp; 28 f\u00e9vrier<\/strong> Jouer avec Samuel Desfontaines Com\u00e9dien<br><strong>11, 12 &amp; 13 Mars <\/strong>Cr\u00e9er la musique &amp; le son d\u2019un spectacle avec David Hess compositeur et musicien<br><strong>25, 26 &amp; 27 Mars<\/strong> Cr\u00e9er la lumi\u00e8re d\u2019un spectacle avec Aur\u00e9liane Pazzaglia cr\u00e9atrcie lumi\u00e8res<\/p>\n\n\n\n<p>Projet soutenu par la DRAC Normandie et le d\u00e9partement de l&rsquo;Orne en partenariat avec la mission locale d&rsquo;Argentan<\/p>\n\n\n\n<p><\/p>\n\n\n\n<p><\/p>\n\n\n\n<p><br><br><\/p>\n","protected":false},"excerpt":{"rendered":"<p>Tu as entre 16 \u00e0 25 ans ? Tu aimerais d\u00e9couvrir les m\u00e9tiers li\u00e9s au spectacle vivant ? Gr\u00e2ce \u00e0 des stages en pr\u00e9sence de professionnel.le.s tu pourras d\u00e9couvrir leurs m\u00e9tiers et les techniques li\u00e9es \u00e0 leurs comp\u00e9tences (mise en sc\u00e8ne, musique, lumi\u00e8re\/son, jeu d\u2019acteurs\u2026). Inscris-toi d\u00e8s maintenant ! https:\/\/my.weezevent.com\/decouverte-des-metiers-du-spectacle-vivant<\/p>\n","protected":false},"author":2,"featured_media":4376,"comment_status":"closed","ping_status":"closed","sticky":false,"template":"","format":"standard","meta":{"_et_pb_use_builder":"off","_et_pb_old_content":"","_et_gb_content_width":"","footnotes":""},"categories":[6,1],"tags":[],"class_list":["post-4375","post","type-post","status-publish","format-standard","has-post-thumbnail","hentry","category-actions","category-actualites"],"aioseo_notices":[],"_links":{"self":[{"href":"https:\/\/passerelles-theatre.fr\/site\/wp-json\/wp\/v2\/posts\/4375"}],"collection":[{"href":"https:\/\/passerelles-theatre.fr\/site\/wp-json\/wp\/v2\/posts"}],"about":[{"href":"https:\/\/passerelles-theatre.fr\/site\/wp-json\/wp\/v2\/types\/post"}],"author":[{"embeddable":true,"href":"https:\/\/passerelles-theatre.fr\/site\/wp-json\/wp\/v2\/users\/2"}],"replies":[{"embeddable":true,"href":"https:\/\/passerelles-theatre.fr\/site\/wp-json\/wp\/v2\/comments?post=4375"}],"version-history":[{"count":3,"href":"https:\/\/passerelles-theatre.fr\/site\/wp-json\/wp\/v2\/posts\/4375\/revisions"}],"predecessor-version":[{"id":4379,"href":"https:\/\/passerelles-theatre.fr\/site\/wp-json\/wp\/v2\/posts\/4375\/revisions\/4379"}],"wp:featuredmedia":[{"embeddable":true,"href":"https:\/\/passerelles-theatre.fr\/site\/wp-json\/wp\/v2\/media\/4376"}],"wp:attachment":[{"href":"https:\/\/passerelles-theatre.fr\/site\/wp-json\/wp\/v2\/media?parent=4375"}],"wp:term":[{"taxonomy":"category","embeddable":true,"href":"https:\/\/passerelles-theatre.fr\/site\/wp-json\/wp\/v2\/categories?post=4375"},{"taxonomy":"post_tag","embeddable":true,"href":"https:\/\/passerelles-theatre.fr\/site\/wp-json\/wp\/v2\/tags?post=4375"}],"curies":[{"name":"wp","href":"https:\/\/api.w.org\/{rel}","templated":true}]}}