{"id":4351,"date":"2024-11-21T10:55:42","date_gmt":"2024-11-21T10:55:42","guid":{"rendered":"https:\/\/passerelles-theatre.fr\/site\/?p=4351"},"modified":"2024-11-21T10:55:46","modified_gmt":"2024-11-21T10:55:46","slug":"je-laisse-tous-mes-problemes-a-la-maison","status":"publish","type":"post","link":"https:\/\/passerelles-theatre.fr\/site\/je-laisse-tous-mes-problemes-a-la-maison\/","title":{"rendered":"\u00ab\u00a0Je laisse tous mes probl\u00e8mes \u00e0 la maison\u00a0\u00bb"},"content":{"rendered":"\n<p>\u00ab\u00a0Je laisse tous mes probl\u00e8mes \u00e0 la maison\u00a0\u00bb \u00e9loign\u00e9s de l\u2019emploi, ils vont monter sur sc\u00e8ne \u00e0 Flers. <br>lls montent sur les planches. Lundi 18 novembre 2024, les participants de Th\u00e9\u00e2tre en action, un dispositif de la compagnie Passerelles th\u00e9\u00e2tre, qui a pour but de faire d\u00e9couvrir le th\u00e9\u00e2tre aux personnes \u00e9loign\u00e9es de l\u2019emploi, ont fait un bilan d\u2019\u00e9tape \u00e0 un mois du jour du spectacle.<\/p>\n\n\n\n<!--more-->\n\n\n\n<p>Il y a un peu plus d\u2019un mois, le 23\u00a0septembre 2024 pr\u00e9cis\u00e9ment, <a href=\"https:\/\/www.ouest-france.fr\/normandie\/flers-61100\/une-facon-de-me-lancer-un-defi-eloignes-de-lemploi-ils-re-decouvrent-le-theatre-a-flers-d4f87c22-7f2d-11ef-b0af-cd5a10d409e1\" target=\"_blank\" rel=\"noreferrer noopener\">les six participants du dispositif de Th\u00e9\u00e2tre en action (un dispositif de la compagnie Passerelles th\u00e9\u00e2tre,<\/a> qui a pour but de faire d\u00e9couvrir le th\u00e9\u00e2tre aux personnes \u00e9loign\u00e9es de l\u2019emploi, b\u00e9n\u00e9ficiaires du RSA, jeunes ou habitants de quartiers prioritaires) franchissaient les portes de la maison d\u2019activit\u00e9 \u00c9mile-Halbout. Lundi 18\u00a0novembre 2024, un bilan interm\u00e9diaire s\u2019imposait \u00e0 Flers, dans l\u2019Orne.<\/p>\n\n\n\n<blockquote class=\"wp-block-quote is-layout-flow wp-block-quote-is-layout-flow\">\n<p>\u00ab\u00a0Avant les ateliers, j\u2019\u00e9tais en d\u00e9pression\u00a0\u00bb<\/p>\n<\/blockquote>\n\n\n\n<p>Clothilde Labb\u00e9, directrice de la compagnie de th\u00e9\u00e2tre, est venue \u00e0 la rencontre des apprentis com\u00e9diens et a crois\u00e9 deux visages qu\u2019elle connaissait.&nbsp;Franck Pichard, 54&nbsp;ans, avait d\u00e9j\u00e0 particip\u00e9 \u00e0 une action similaire en faveur des habitants des quartiers prioritaires de la Ville, il y a une dizaine d\u2019ann\u00e9es. Depuis, il n\u2019a jamais l\u00e2ch\u00e9 le th\u00e9\u00e2tre. Tous les jeudis, ils jouent lors d\u2019ateliers, en plus de ceux propos\u00e9s dans le cadre de Th\u00e9\u00e2tre en action. \u00ab<strong>&nbsp;Je suis \u00e0 fond l\u00e0-dedans. J\u2019adore \u00e7a. Pour ce dispositif, c\u2019est mon assistance sociale qui m\u2019en a parl\u00e9<\/strong>&nbsp;\u00bb, explique celui qui est aussi impliqu\u00e9 dans le conseil citoyen de quartiers et b\u00e9n\u00e9vole pour les Restos du c\u0153ur.<\/p>\n\n\n\n<p>Lors du tour de table, chacun d\u00e9crit ce qu\u2019il ressent depuis qu\u2019il participe \u00e0 ces ateliers. <strong>\u00ab<\/strong> <strong>Je me suis lanc\u00e9 parce qu\u2019on fait tout de A \u00e0 Z. Avant les ateliers, j\u2019\u00e9tais en d\u00e9pression. Mais quand je fais du b\u00e9n\u00e9volat ou que je viens ici, je laisse tous mes probl\u00e8mes \u00e0 la maison. On rigole beaucoup, \u00e7a fait beaucoup de bien. Puis, j\u2019ai repris mes activit\u00e9s artistiques, la musique, la customisation de jouets, que j\u2019avais d\u00e9laiss\u00e9s<\/strong>&nbsp;<strong>\u00bb,<\/strong> se r\u00e9jouit Benoit Riffi.<\/p>\n\n\n\n<h2 class=\"wp-block-heading\">Quatre sayn\u00e8tes sur le th\u00e8me de No\u00ebl<\/h2>\n\n\n\n<p>Par la suite, il aimerait continuer le th\u00e9\u00e2tre et rejoindre les ateliers o\u00f9 joue Franck Pichard et continuer \u00e0 faire du b\u00e9n\u00e9volat. Pascaline Lehec a \u00e9t\u00e9 orient\u00e9 par France travail (ex-P\u00f4le emploi), afin de retrouver confiance en elle&nbsp;: \u00ab&nbsp;<strong>Au d\u00e9but, c\u2019\u00e9tait stressant. Je pensais qu\u2019on allait devoir apprendre des pi\u00e8ces comme <em>Rom\u00e9o et Juliette,<\/em> mais en fait on \u00e9crit nous-m\u00eame. C\u2019est plus simple et on rigole bien. Je pense que \u00e7a va m\u2019aider \u00e0 retrouver un emploi.<\/strong>&nbsp;<strong>\u00bb<\/strong> Clothilde Labb\u00e9 rassure les participants et esp\u00e8re qu\u2019ils iront jusqu\u2019au spectacle. <strong>\u00ab<\/strong> <strong>\u00c7a montre que vous \u00eates cr\u00e9atifs, que vous avez plein d\u2019id\u00e9e. On croise les doigts pour le travail, mais, dans l\u2019id\u00e9al, apr\u00e8s la repr\u00e9sentation.<\/strong>&nbsp;<strong>\u00bb<\/strong><\/p>\n\n\n\n<p>Quasiment \u00e0 mi-parcours, les six com\u00e9diens en herbe sont actuellement en phase d\u2019apprentissage du texte qu\u2019ils ont \u00e9crit eux-m\u00eames sur le th\u00e8me de No\u00ebl. Samuel Desfontaines, com\u00e9dien et metteur en sc\u00e8ne, les accompagne dans ces trois sayn\u00e8tes d\u00e9j\u00e0 \u00e9crites. Une quatri\u00e8me devrait s\u2019y ajouter avec de l\u2019improvisation et des effets sonores. Cette derni\u00e8re sc\u00e8ne pourrait voir le jour en m\u00e9langeant deux talents, celui de Benoit Rifi, qui compose des musiques \u00e9lectroniques, et celui de Gwendoline, qui \u00e0 d\u00e9j\u00e0 particip\u00e9 \u00e0 ce dispositif \u00e0 Caen en 2019. \u00ab <strong>Je me souviens, tu avais chant\u00e9 l\u2019<em>Hymne de nos campagnes<\/em>. Tu vas chanter \u00e0 nouveau&nbsp;?<\/strong>&nbsp;<strong>\u00bb,<\/strong> lui demande Clothilde Labb\u00e9. Pour l\u2019heure, tous tirent un bilan positif et ont qu\u2019un seul objectif en ligne de mire&nbsp;: le 19&nbsp;d\u00e9cembre 2024, jour du spectacle \u00e0 la salle Madeleine-Louaintier. Mais avant cela, ils penchent sur le nom du spectacle, apr\u00e8s avoir s\u00e9lectionn\u00e9 l\u2019affiche.<\/p>\n\n\n\n<p><em><strong>Article Ouest France 19 novembre 24 Maxime Arnoult<\/strong><\/em><\/p>\n","protected":false},"excerpt":{"rendered":"<p>\u00ab\u00a0Je laisse tous mes probl\u00e8mes \u00e0 la maison\u00a0\u00bb \u00e9loign\u00e9s de l\u2019emploi, ils vont monter sur sc\u00e8ne \u00e0 Flers. lls montent sur les planches. Lundi 18 novembre 2024, les participants de Th\u00e9\u00e2tre en action, un dispositif de la compagnie Passerelles th\u00e9\u00e2tre, qui a pour but de faire d\u00e9couvrir le th\u00e9\u00e2tre aux personnes \u00e9loign\u00e9es de l\u2019emploi, ont [&hellip;]<\/p>\n","protected":false},"author":2,"featured_media":4352,"comment_status":"closed","ping_status":"closed","sticky":false,"template":"","format":"standard","meta":{"_et_pb_use_builder":"off","_et_pb_old_content":"","_et_gb_content_width":"","footnotes":""},"categories":[1,3],"tags":[],"class_list":["post-4351","post","type-post","status-publish","format-standard","has-post-thumbnail","hentry","category-actualites","category-revue-de-presse"],"aioseo_notices":[],"_links":{"self":[{"href":"https:\/\/passerelles-theatre.fr\/site\/wp-json\/wp\/v2\/posts\/4351"}],"collection":[{"href":"https:\/\/passerelles-theatre.fr\/site\/wp-json\/wp\/v2\/posts"}],"about":[{"href":"https:\/\/passerelles-theatre.fr\/site\/wp-json\/wp\/v2\/types\/post"}],"author":[{"embeddable":true,"href":"https:\/\/passerelles-theatre.fr\/site\/wp-json\/wp\/v2\/users\/2"}],"replies":[{"embeddable":true,"href":"https:\/\/passerelles-theatre.fr\/site\/wp-json\/wp\/v2\/comments?post=4351"}],"version-history":[{"count":2,"href":"https:\/\/passerelles-theatre.fr\/site\/wp-json\/wp\/v2\/posts\/4351\/revisions"}],"predecessor-version":[{"id":4354,"href":"https:\/\/passerelles-theatre.fr\/site\/wp-json\/wp\/v2\/posts\/4351\/revisions\/4354"}],"wp:featuredmedia":[{"embeddable":true,"href":"https:\/\/passerelles-theatre.fr\/site\/wp-json\/wp\/v2\/media\/4352"}],"wp:attachment":[{"href":"https:\/\/passerelles-theatre.fr\/site\/wp-json\/wp\/v2\/media?parent=4351"}],"wp:term":[{"taxonomy":"category","embeddable":true,"href":"https:\/\/passerelles-theatre.fr\/site\/wp-json\/wp\/v2\/categories?post=4351"},{"taxonomy":"post_tag","embeddable":true,"href":"https:\/\/passerelles-theatre.fr\/site\/wp-json\/wp\/v2\/tags?post=4351"}],"curies":[{"name":"wp","href":"https:\/\/api.w.org\/{rel}","templated":true}]}}