{"id":3890,"date":"2023-01-31T16:12:30","date_gmt":"2023-01-31T16:12:30","guid":{"rendered":"https:\/\/passerelles-theatre.fr\/site\/?p=3890"},"modified":"2023-06-27T14:46:57","modified_gmt":"2023-06-27T14:46:57","slug":"letranger-celeste-et-revolte-de-koltes-deambule-au-maif-social-club-par-loeil-dolivier","status":"publish","type":"post","link":"https:\/\/passerelles-theatre.fr\/site\/letranger-celeste-et-revolte-de-koltes-deambule-au-maif-social-club-par-loeil-dolivier\/","title":{"rendered":"L&rsquo;\u0152il d&rsquo;Olivier : L\u2019\u00e9tranger c\u00e9leste et r\u00e9volt\u00e9 de Kolt\u00e9s d\u00e9ambule au MAif Social Club"},"content":{"rendered":"\n<p>\u00ab\u00a0Consid\u00e9r\u00e9 comme l\u2019\u0153uvre fondatrice de&nbsp;<strong>Kolt\u00e8s<\/strong>,&nbsp;<em>La Nuit juste avant les for\u00eats<\/em>, pi\u00e8ce \u00e9crite en 1977, est comme une longue litanie, un chant d\u2019amour et de r\u00e9volte, une \u00e9vocation du monde vu \u00e0 la marge. Avec ing\u00e9niosit\u00e9 et finesse,&nbsp;<strong>Clotilde Labb\u00e9<\/strong>&nbsp;donne v\u00e9ritable corps \u00e0 ce r\u00e9cit sans fin.\u00a0\u00bb<\/p>\n\n\n\n<!--more-->\n\n\n\n<div class=\"wp-block-image\"><figure class=\"alignright size-large is-resized\"><a href=\"https:\/\/passerelles-theatre.fr\/site\/wp-content\/uploads\/2023\/01\/23-01-26_LaNuit_MAIF_PT_015-scaled.jpg\"><img loading=\"lazy\" decoding=\"async\" src=\"https:\/\/passerelles-theatre.fr\/site\/wp-content\/uploads\/2023\/01\/23-01-26_LaNuit_MAIF_PT_015-1024x683.jpg\" alt=\"\" class=\"wp-image-3891\" width=\"432\" height=\"288\"\/><\/a><\/figure><\/div>\n\n\n\n<p>Dans le Hall du centre culturel de la c\u00e9l\u00e8bre mutuelle des instituteurs de France, qui abrite actuellement l\u2019exposition <em><a href=\"https:\/\/www.loeildolivier.fr\/2022\/10\/florent-heridel-nouveau-pepinieriste-culturel-du-maif-social-club\/\">Le Chant des for\u00eats<\/a><\/em>, un homme d\u00e9ambule. Doudoune d\u00e9chir\u00e9, cheveux hirsutes, regard hagard, il semble habit\u00e9 de mille vies, de mille personnages. Attrapant le bras d\u2019un inconnu, un confident d\u2019un soir, un \u00eatre invisible, produit de son imaginaire imbib\u00e9 de drogue et d\u2019alcool, il l\u00e2che la bride aux maux qui le hantent, lib\u00e8re ses d\u00e9mons et \u00e9voque sa vie de vagabond dans une ville sans \u00e2me.<\/p>\n\n\n\n<p>Consid\u00e9r\u00e9 comme l\u2019\u0153uvre fondatrice de&nbsp;<strong>Kolt\u00e8s<\/strong>,&nbsp;<em>La Nuit avant les for\u00eats<\/em>, pi\u00e8ce \u00e9crite en 1977, est comme une longue litanie, un chant d\u2019amour et de r\u00e9volte, une \u00e9vocation du monde vu \u00e0 la marge. Avec ing\u00e9niosit\u00e9 et finesse,&nbsp;<strong>Clotilde Labb\u00e9<\/strong>&nbsp;donne v\u00e9ritable corps \u00e0 ce r\u00e9cit sans fin. Ici, pas de sc\u00e8ne, pas de th\u00e9\u00e2tre, juste un homme errant, un de ces SDF ignor\u00e9s, le plus souvent, du commun des mortels, qui vont, petit \u00e0 petit, prendre conscience de sa pr\u00e9sence. Face \u00e0 nous, fier, humble, il se met \u00e0 nu, parle de la soci\u00e9t\u00e9 qui l\u2019opprime, le broie, nous entra\u00eene avec po\u00e9sie dans les m\u00e9andres de ses pens\u00e9es qui s\u2019entrem\u00ealent, se r\u00e9p\u00e8tent comme pour leur donner plus de poids, de r\u00e9alit\u00e9, en vain. L\u2019attraction vers le noir, une paix sombre int\u00e9rieure, est trop forte. Le combat avec l\u2019hostilit\u00e9 du monde est perdu d\u2019avance.&nbsp;<\/p>\n\n\n\n<p>Pour porter ce flux de paroles sans r\u00e9pit, il faut une nature, un artiste au charisme discret, un minable lumineux, capable de donner vie aux images qui jaillissent de son cerveau.&nbsp;<strong>Samuel Desfontaines<\/strong>&nbsp;est clairement de cette trempe. Il sait attraper l\u2019attention, s\u2019effacer, pour mieux nous happer \u00e0 nouveau et faire vivre ce double de Kolt\u00e8s, un fier-\u00e0-bras pitoyable, un vaurien formidable, un \u00eatre humain dans toute sa complicit\u00e9, en somme.&nbsp;<\/p>\n\n\n\n<p>Toujours renouvel\u00e9e, jamais alt\u00e9r\u00e9e,&nbsp;<em>La nuit avant les for\u00eats<\/em>&nbsp;change au gr\u00e9 des \u00e9tats d\u2019\u00e2me du spectateur. Elle r\u00e9v\u00e8le \u00e0 chaque nouvelle adaptation, \u00e0 chaque nouvelle \u00e9coute, quelques-uns de ses nombreux \u00e9clats. Alors, laissez-vous tenter et plonger dans ce conte toujours aussi actuel, toujours aussi saisissant.&nbsp;<br><br><em>Olivier FR\u00c9GAVILLE-GRATIAN D&rsquo;AMORE, L&rsquo;\u0152il d&rsquo;Olivier, 27 janvier 2023.<\/em><br><em>Cr\u00e9dit photos \u00a9 \u00c9milie Sfez<\/em><\/p>\n","protected":false},"excerpt":{"rendered":"<p>\u00ab\u00a0Consid\u00e9r\u00e9 comme l\u2019\u0153uvre fondatrice de&nbsp;Kolt\u00e8s,&nbsp;La Nuit juste avant les for\u00eats, pi\u00e8ce \u00e9crite en 1977, est comme une longue litanie, un chant d\u2019amour et de r\u00e9volte, une \u00e9vocation du monde vu \u00e0 la marge. Avec ing\u00e9niosit\u00e9 et finesse,&nbsp;Clotilde Labb\u00e9&nbsp;donne v\u00e9ritable corps \u00e0 ce r\u00e9cit sans fin.\u00a0\u00bb<\/p>\n","protected":false},"author":2,"featured_media":3892,"comment_status":"closed","ping_status":"closed","sticky":false,"template":"","format":"standard","meta":{"_et_pb_use_builder":"off","_et_pb_old_content":"","_et_gb_content_width":"","footnotes":""},"categories":[3],"tags":[],"class_list":["post-3890","post","type-post","status-publish","format-standard","has-post-thumbnail","hentry","category-revue-de-presse"],"aioseo_notices":[],"_links":{"self":[{"href":"https:\/\/passerelles-theatre.fr\/site\/wp-json\/wp\/v2\/posts\/3890"}],"collection":[{"href":"https:\/\/passerelles-theatre.fr\/site\/wp-json\/wp\/v2\/posts"}],"about":[{"href":"https:\/\/passerelles-theatre.fr\/site\/wp-json\/wp\/v2\/types\/post"}],"author":[{"embeddable":true,"href":"https:\/\/passerelles-theatre.fr\/site\/wp-json\/wp\/v2\/users\/2"}],"replies":[{"embeddable":true,"href":"https:\/\/passerelles-theatre.fr\/site\/wp-json\/wp\/v2\/comments?post=3890"}],"version-history":[{"count":4,"href":"https:\/\/passerelles-theatre.fr\/site\/wp-json\/wp\/v2\/posts\/3890\/revisions"}],"predecessor-version":[{"id":3917,"href":"https:\/\/passerelles-theatre.fr\/site\/wp-json\/wp\/v2\/posts\/3890\/revisions\/3917"}],"wp:featuredmedia":[{"embeddable":true,"href":"https:\/\/passerelles-theatre.fr\/site\/wp-json\/wp\/v2\/media\/3892"}],"wp:attachment":[{"href":"https:\/\/passerelles-theatre.fr\/site\/wp-json\/wp\/v2\/media?parent=3890"}],"wp:term":[{"taxonomy":"category","embeddable":true,"href":"https:\/\/passerelles-theatre.fr\/site\/wp-json\/wp\/v2\/categories?post=3890"},{"taxonomy":"post_tag","embeddable":true,"href":"https:\/\/passerelles-theatre.fr\/site\/wp-json\/wp\/v2\/tags?post=3890"}],"curies":[{"name":"wp","href":"https:\/\/api.w.org\/{rel}","templated":true}]}}