{"id":3666,"date":"2022-10-28T10:10:45","date_gmt":"2022-10-28T10:10:45","guid":{"rendered":"https:\/\/passerelles-theatre.fr\/site\/?p=3666"},"modified":"2022-11-28T13:51:26","modified_gmt":"2022-11-28T13:51:26","slug":"la-carte-blanche-de-france-bleu-normandie-afk-de-guillaume-hincky","status":"publish","type":"post","link":"https:\/\/passerelles-theatre.fr\/site\/la-carte-blanche-de-france-bleu-normandie-afk-de-guillaume-hincky\/","title":{"rendered":"La carte blanche de France Bleu Normandie \/ [AFK] de Guillaume Hincky"},"content":{"rendered":"\n<p>Retour sur la carte blanche du 26 octobre 2022 r\u00e9alis\u00e9e par France Bleu Normandie \u00e0 l&rsquo;occasion de notre <strong>r\u00e9sidence  aux Ateliers Interm\u00e9diaires \u00e0 Caen et de notre pr\u00e9sentation du spectacle<em> [AFK] <\/em>le 27 octobre. <\/strong><br>R\u00e9\u00e9coutez l&rsquo;interview de Guillaume Hincky, auteur et metteur en sc\u00e8ne. <\/p>\n\n\n\n<!--more-->\n\n\n\n<figure class=\"wp-block-audio\"><audio controls src=\"https:\/\/passerelles-theatre.fr\/site\/wp-content\/uploads\/2022\/10\/CB-AFK-1.mp3\"><\/audio><\/figure>\n\n\n\n<p>Merci Fran\u00e7ois Duval de France Bleu Normandie pour cet \u00e9change tr\u00e8s int\u00e9ressant sur notre rapport au num\u00e9rique !<\/p>\n\n\n\n<p><em>Fran\u00e7ois DUVAL, France Bleu Normandie, 26 octobre 2022.<\/em><\/p>\n","protected":false},"excerpt":{"rendered":"<p>Retour sur la carte blanche du 26 octobre 2022 r\u00e9alis\u00e9e par France Bleu Normandie \u00e0 l&rsquo;occasion de notre r\u00e9sidence aux Ateliers Interm\u00e9diaires \u00e0 Caen et de notre pr\u00e9sentation du spectacle [AFK] le 27 octobre. R\u00e9\u00e9coutez l&rsquo;interview de Guillaume Hincky, auteur et metteur en sc\u00e8ne.<\/p>\n","protected":false},"author":2,"featured_media":3669,"comment_status":"closed","ping_status":"closed","sticky":false,"template":"","format":"standard","meta":{"_et_pb_use_builder":"off","_et_pb_old_content":"","_et_gb_content_width":"","footnotes":""},"categories":[3],"tags":[],"class_list":["post-3666","post","type-post","status-publish","format-standard","has-post-thumbnail","hentry","category-revue-de-presse"],"aioseo_notices":[],"_links":{"self":[{"href":"https:\/\/passerelles-theatre.fr\/site\/wp-json\/wp\/v2\/posts\/3666"}],"collection":[{"href":"https:\/\/passerelles-theatre.fr\/site\/wp-json\/wp\/v2\/posts"}],"about":[{"href":"https:\/\/passerelles-theatre.fr\/site\/wp-json\/wp\/v2\/types\/post"}],"author":[{"embeddable":true,"href":"https:\/\/passerelles-theatre.fr\/site\/wp-json\/wp\/v2\/users\/2"}],"replies":[{"embeddable":true,"href":"https:\/\/passerelles-theatre.fr\/site\/wp-json\/wp\/v2\/comments?post=3666"}],"version-history":[{"count":3,"href":"https:\/\/passerelles-theatre.fr\/site\/wp-json\/wp\/v2\/posts\/3666\/revisions"}],"predecessor-version":[{"id":3677,"href":"https:\/\/passerelles-theatre.fr\/site\/wp-json\/wp\/v2\/posts\/3666\/revisions\/3677"}],"wp:featuredmedia":[{"embeddable":true,"href":"https:\/\/passerelles-theatre.fr\/site\/wp-json\/wp\/v2\/media\/3669"}],"wp:attachment":[{"href":"https:\/\/passerelles-theatre.fr\/site\/wp-json\/wp\/v2\/media?parent=3666"}],"wp:term":[{"taxonomy":"category","embeddable":true,"href":"https:\/\/passerelles-theatre.fr\/site\/wp-json\/wp\/v2\/categories?post=3666"},{"taxonomy":"post_tag","embeddable":true,"href":"https:\/\/passerelles-theatre.fr\/site\/wp-json\/wp\/v2\/tags?post=3666"}],"curies":[{"name":"wp","href":"https:\/\/api.w.org\/{rel}","templated":true}]}}