{"id":3236,"date":"2022-04-01T10:00:00","date_gmt":"2022-04-01T10:00:00","guid":{"rendered":"https:\/\/passerelles-theatre.fr\/site\/?p=3236"},"modified":"2022-06-27T10:00:23","modified_gmt":"2022-06-27T10:00:23","slug":"10-ans-de-la-compagnie-en-livret-et-video","status":"publish","type":"post","link":"https:\/\/passerelles-theatre.fr\/site\/10-ans-de-la-compagnie-en-livret-et-video\/","title":{"rendered":"10 ans de la compagnie, en livret et vid\u00e9o !"},"content":{"rendered":"\n<p><strong>L&rsquo;ann\u00e9e 2021  a marqu\u00e9 les 10 ans de la compagnie Passerelles-Th\u00e9\u00e2tre <\/strong>mais aussi l&rsquo;aboutissement de nombreux beaux projets de cr\u00e9ation et d&rsquo;actions culturelles. Dans ce contexte, nous sommes ravis de revenir avec vous sur les <strong>moments forts de l&rsquo;ann\u00e9e 2021 en<\/strong> <strong>vid\u00e9o<\/strong>, et sur 10 ans de <strong>souvenirs et d&rsquo;anecdotes, regroup\u00e9s en<\/strong> <strong>livret<\/strong> ! <\/p>\n\n\n\n<!--more-->\n\n\n\n<h2 class=\"wp-block-heading\">Le livret<\/h2>\n\n\n\n<p>Apr\u00e8s une ann\u00e9e de partage d&rsquo;anecdotes via notre newsletter et nos r\u00e9seaux sociaux, dans le cadre des 10 ans de la compagnie en 2021, nous avions \u00e0 coeur de garder une trace de ces 36 souvenirs li\u00e9s \u00e0 nos cr\u00e9ations et nos actions culturelles afin qu&rsquo;ils puissent durer dans le temps. Nous avions h\u00e2te de vous annoncer la r\u00e9alisation des livrets \u00ab\u00a0Passerelle sur&#8230;\u00a0\u00bb qui rassemblent tous ces moments pass\u00e9s ensemble et que nous ne tarderons pas \u00e0 remettre \u00e0 nos partenaires, adh\u00e9rent.e.s et artistes professionnel.le.s ! Un grand merci \u00e0 eux pour leur collaboration qui permet depuis ces dix derni\u00e8res ann\u00e9es la r\u00e9alisation de ces multiples projets.<\/p>\n\n\n\n<p><strong>Ce livret souvenirs regroupe toutes les anecdotes qui ont \u00e9t\u00e9 partag\u00e9es dans l\u2019ann\u00e9e depuis le mois d\u2019avril, parfois \u00e0 propos&nbsp;d\u2019une photographie, d\u2019une vid\u00e9o ou d\u2019une citation&#8230;toutes r\u00e9dig\u00e9es et publi\u00e9es dans le contexte de leur p\u00e9riode.<\/strong> Un souvenir, un moment que vous aurez peut-\u00eatre connu\/v\u00e9cu en tant que participant.e, artiste ou partenaire, ou que (re)d\u00e9couvrirez !&nbsp;<\/p>\n\n\n\n<figure class=\"wp-block-image size-large\"><a href=\"https:\/\/passerelles-theatre.fr\/site\/wp-content\/uploads\/2022\/03\/IMG_20220309_110919-scaled.jpg\"><img loading=\"lazy\" decoding=\"async\" width=\"1024\" height=\"768\" src=\"https:\/\/passerelles-theatre.fr\/site\/wp-content\/uploads\/2022\/03\/IMG_20220309_110919-1024x768.jpg\" alt=\"\" class=\"wp-image-3237\" srcset=\"https:\/\/passerelles-theatre.fr\/site\/wp-content\/uploads\/2022\/03\/IMG_20220309_110919-980x735.jpg 980w, https:\/\/passerelles-theatre.fr\/site\/wp-content\/uploads\/2022\/03\/IMG_20220309_110919-480x360.jpg 480w\" sizes=\"(min-width: 0px) and (max-width: 480px) 480px, (min-width: 481px) and (max-width: 980px) 980px, (min-width: 981px) 1024px, 100vw\" \/><\/a><\/figure>\n\n\n\n<h2 class=\"wp-block-heading\">La vid\u00e9o<\/h2>\n\n\n\n<p>Retour en images sur les moments forts de l&rsquo;ann\u00e9e 2021 qui marque les&nbsp;10 ans d&rsquo;existence de la compagnie Passerelles-Th\u00e9\u00e2tre&nbsp;et l&rsquo;aboutissement de nombreux beaux projets. Bon visionnage !<\/p>\n\n\n\n<figure class=\"wp-block-embed is-type-video is-provider-youtube wp-block-embed-youtube wp-embed-aspect-16-9 wp-has-aspect-ratio\"><div class=\"wp-block-embed__wrapper\">\n<iframe loading=\"lazy\" title=\"10 ans (2011 - 2021) Compagnie Passerelles-Th\u00e9\u00e2tre\" width=\"1080\" height=\"608\" src=\"https:\/\/www.youtube.com\/embed\/Uv9O8vMNFdY?feature=oembed\"  allow=\"accelerometer; autoplay; clipboard-write; encrypted-media; gyroscope; picture-in-picture\" allowfullscreen><\/iframe>\n<\/div><\/figure>\n\n\n\n<p><strong>Nous remercions les nombreux artistes professionnel.le.s qui travaillent avec nous et contribuent aux souvenirs de la compagnie&#8230;<\/strong><br>Samuel Desfontaines, com\u00e9dien, Guillaume Hincky, com\u00e9dien, Clotilde Labb\u00e9, metteuse en sc\u00e8ne, David Hess, musicien,&nbsp;Aur\u00e9liane Pazzaglia, cr\u00e9atrice lumi\u00e8re, \u00c9lodie Huet, com\u00e9dienne et chanteuse, Arthur Thibault-Starzyk, com\u00e9dien, C\u00e9cile Basset, com\u00e9dienne, \u00c9milie Sfez, photographe, Sophie Distefano, chor\u00e9graphe, Yol\u00e8ne Guais, costumi\u00e8re, Cl\u00e9mentine Legay, m\u00e9diatrice culturelle, Olivier Dupuy, com\u00e9dien, Marie-Laure Baudain, com\u00e9dienne, V\u00e9ronique Pons, r\u00e9alisatrice, Adrien Martin r\u00e9alisateur.<\/p>\n\n\n\n<p><strong>Merci \u00e9galement \u00e0 nos partenaires qui permettent la r\u00e9alisation de ces multiples projets\u2009:<\/strong><br>L\u2019\u00c9tat\u2009: DRAC, CGET. La R\u00e9gion Normandie, les D\u00e9partements du Calvados et de l\u2019Orne. L\u2019agglom\u00e9ration de Caen la mer, de Lisieux&nbsp;et de Flers, les villes d\u2019Argentan, Caen, H\u00e9rouville-St-Clair, Colombelles, Falaise, l\u2019Europe avec Erasmus +, Le PLIE, La Fondation SNCF. <br>Les bailleurs sociaux\u2009: Le Logis-Familial\/Sagim, Orne-Habitat, la CAF de l\u2019Orne, Le Planning Familial de l\u2019Orne.&nbsp;<br>Les organismes de Formation\u2009: L\u2019\u00c9tape, ENEFA, ACSEA, EPE, ISF, GRETA Sud Normandie, Maison des mots, UCFV.<br><br>Les conseillers et conseill\u00e8res de la Mission Locale, les assistant.e.s sociaux.les, animatrices locales d\u2019insertion,&nbsp;les charg\u00e9.e.s de mission politique de la ville, m\u00e9diatrices culturelles du SPIP.<\/p>\n\n\n\n<p><strong>Et bien entendu, nous remercions les adh\u00e9rent.e.s et donateur.rice.s qui nous soutiennent quotidiennement.<\/strong><\/p>\n","protected":false},"excerpt":{"rendered":"<p>L&rsquo;ann\u00e9e 2021 a marqu\u00e9 les 10 ans de la compagnie Passerelles-Th\u00e9\u00e2tre mais aussi l&rsquo;aboutissement de nombreux beaux projets de cr\u00e9ation et d&rsquo;actions culturelles. Dans ce contexte, nous sommes ravis de revenir avec vous sur les moments forts de l&rsquo;ann\u00e9e 2021 en vid\u00e9o, et sur 10 ans de souvenirs et d&rsquo;anecdotes, regroup\u00e9s en livret !<\/p>\n","protected":false},"author":2,"featured_media":3238,"comment_status":"closed","ping_status":"closed","sticky":false,"template":"","format":"standard","meta":{"_et_pb_use_builder":"off","_et_pb_old_content":"","_et_gb_content_width":"","footnotes":""},"categories":[1],"tags":[],"class_list":["post-3236","post","type-post","status-publish","format-standard","has-post-thumbnail","hentry","category-actualites"],"aioseo_notices":[],"_links":{"self":[{"href":"https:\/\/passerelles-theatre.fr\/site\/wp-json\/wp\/v2\/posts\/3236"}],"collection":[{"href":"https:\/\/passerelles-theatre.fr\/site\/wp-json\/wp\/v2\/posts"}],"about":[{"href":"https:\/\/passerelles-theatre.fr\/site\/wp-json\/wp\/v2\/types\/post"}],"author":[{"embeddable":true,"href":"https:\/\/passerelles-theatre.fr\/site\/wp-json\/wp\/v2\/users\/2"}],"replies":[{"embeddable":true,"href":"https:\/\/passerelles-theatre.fr\/site\/wp-json\/wp\/v2\/comments?post=3236"}],"version-history":[{"count":3,"href":"https:\/\/passerelles-theatre.fr\/site\/wp-json\/wp\/v2\/posts\/3236\/revisions"}],"predecessor-version":[{"id":3242,"href":"https:\/\/passerelles-theatre.fr\/site\/wp-json\/wp\/v2\/posts\/3236\/revisions\/3242"}],"wp:featuredmedia":[{"embeddable":true,"href":"https:\/\/passerelles-theatre.fr\/site\/wp-json\/wp\/v2\/media\/3238"}],"wp:attachment":[{"href":"https:\/\/passerelles-theatre.fr\/site\/wp-json\/wp\/v2\/media?parent=3236"}],"wp:term":[{"taxonomy":"category","embeddable":true,"href":"https:\/\/passerelles-theatre.fr\/site\/wp-json\/wp\/v2\/categories?post=3236"},{"taxonomy":"post_tag","embeddable":true,"href":"https:\/\/passerelles-theatre.fr\/site\/wp-json\/wp\/v2\/tags?post=3236"}],"curies":[{"name":"wp","href":"https:\/\/api.w.org\/{rel}","templated":true}]}}