{"id":2280,"date":"2019-09-06T15:32:02","date_gmt":"2019-09-06T15:32:02","guid":{"rendered":"https:\/\/passerelles-theatre.fr\/site\/?p=2280"},"modified":"2023-08-01T10:48:56","modified_gmt":"2023-08-01T10:48:56","slug":"la-nuit-juste-avant-les-forets-bernard-marie-koltes","status":"publish","type":"post","link":"https:\/\/passerelles-theatre.fr\/site\/la-nuit-juste-avant-les-forets-bernard-marie-koltes\/","title":{"rendered":"La Nuit juste avant les for\u00eats, Bernard-Marie Kolt\u00e8s"},"content":{"rendered":"\n<h2 class=\"wp-block-heading\">Cr\u00e9ation 2020\/21<\/h2>\n\n\n\n<p><strong>Mise en sc\u00e8ne par Clotilde Labb\u00e9,  avec Samuel Desfontaines, David Hess \u00e0 la musique et Aur\u00e9liane Pazzaglia \u00e0 la cr\u00e9ation lumi\u00e8res.<\/strong><\/p>\n\n\n\n<p>Nous sommes tr\u00e8s heureux d&rsquo;avoir pr\u00e9sent\u00e9 <em>La Nuit juste avant les for\u00eats<\/em> de Kolt\u00e8s au <strong>MAIF Social Club \u00e0 Paris, sur quatre dates, en janvier 2023. <\/strong>Merci \u00e0 l&rsquo;ensemble de l&rsquo;\u00e9quipe pour son accueil et au public pour son \u00e9coute.<br><\/p>\n\n\n\n<!--more-->\n\n\n\n<p><br>Les repr\u00e9sentations pass\u00e9es :<br>Du jeudi 26 au samedi 28 janvier 2023 &#8211; 4 repr\u00e9sentations, MAIF Social Club \u00e0 Paris<br>Vendredi 8 avril 2022, au K-Rabo \u00e0 Rabodanges<br>Jeudi 10 f\u00e9vrier 2022, au Centre de D\u00e9tention d&rsquo;Argentan<br>Mercredi 9 f\u00e9vrier 2022, au Th\u00e9\u00e2tre Le Forum de Falaise<br>Samedi 4 d\u00e9cembre 2021, \u00e0 la Biblioth\u00e8que Alexis de Tocqueville \u00e0 Caen<br>Vendredi 26 novembre 2021, au Centre P\u00e9nitentiaire de Caen<br>Mardi 21 septembre 2021, au FJT de Falaise<br>Jeudi 16 septembre 2021, au FJT d&rsquo;Argentan<br>Mardi 14 septembre 2021, au FJT d&rsquo;H\u00e9rouville-Saint-Clair<\/p>\n\n\n\n<p><strong>L&rsquo;\u00e9quipe :<\/strong><br><strong>Mise en sc\u00e8ne<\/strong> : Clotilde Labb\u00e9<br><strong>Avec<\/strong> : Samuel Desfontaines<br><strong>Lumi\u00e8res<\/strong> : Aur\u00e9liane Pazzaglia<br><strong>Musique :<\/strong> David Hess<br><br>&#x1f449; <em><strong><a href=\"https:\/\/youtu.be\/ZpF5Xd65yuo\" target=\"_blank\" rel=\"noreferrer noopener\" title=\"Retour en vid\u00e9o sur les temps forts de cette cr\u00e9ation\">Retour en vid\u00e9o sur les temps forts de cette cr\u00e9ation<\/a><\/strong><\/em><br>&#x1f449; <em><strong><a href=\"https:\/\/youtu.be\/MnbxmryakFw\" target=\"_blank\" rel=\"noreferrer noopener\" title=\"D\u00e9couvrez le reportage de France 3 Normandie, le 27 novembre 2020 \u00e0 Lisieux\">D\u00e9couvrez le reportage de France 3 Normandie, le 27 novembre 2020 \u00e0 Lisieux<\/a><\/strong><\/em><\/p>\n\n\n\n<blockquote class=\"wp-block-quote is-layout-flow wp-block-quote-is-layout-flow\"><p><em>Ce texte est un corps \u00e0 corps, mots contre maux, orchestr\u00e9 par Bernard Marie Kolt\u00e8s de sa plume exceptionnelle. Le miroir de l&rsquo;\u00e2me d&rsquo;un personnage en lutte contre les \u00e9l\u00e9ments, la pluie incessante qui semble s&rsquo;infiltrer en lui et cr\u00e9er un fleuve de paroles intarissables.<\/em><\/p><\/blockquote>\n\n\n\n<figure class=\"wp-block-image size-large\"><img loading=\"lazy\" decoding=\"async\" width=\"1024\" height=\"682\" src=\"https:\/\/passerelles-theatre.fr\/site\/wp-content\/uploads\/2020\/09\/BassDef_2020_08_La_Nuit_PT_0021-1024x682.jpg\" alt=\"Samuel Desfontaines dans la nuit juste avant les for\u00eats de B.M Kolt\u00e8s Wip Colombelles\" class=\"wp-image-2584\" srcset=\"https:\/\/passerelles-theatre.fr\/site\/wp-content\/uploads\/2020\/09\/BassDef_2020_08_La_Nuit_PT_0021-980x653.jpg 980w, https:\/\/passerelles-theatre.fr\/site\/wp-content\/uploads\/2020\/09\/BassDef_2020_08_La_Nuit_PT_0021-480x320.jpg 480w\" sizes=\"(min-width: 0px) and (max-width: 480px) 480px, (min-width: 481px) and (max-width: 980px) 980px, (min-width: 981px) 1024px, 100vw\" \/><figcaption>Cr\u00e9dit photo : \u00c9MILIE SFEZ<\/figcaption><\/figure>\n\n\n<blockquote>\n<p><em> C&rsquo;est une descente intense dans l&rsquo;intime et la solitude, une performance explosive de sensibilit\u00e9 et de violence, de col\u00e8re et de tendresse, d\u2019incompr\u00e9hension et de survie ; Un cri qui vient du c\u0153ur, de la col\u00e8re et du silence, r\u00e9v\u00e9lateur des dysfonctionnements contemporains. Un oscillement du personnage entre la folie et l&rsquo;hyper lucidit\u00e9, funambule de la rue et de la ville, l\u00e9ger comme l&rsquo;air et lourd comme du plomb. C&rsquo;est un miroir tendu au spectateur qui interroge intimement notre rapport au monde et \u00e0 l&rsquo;autre, \u00e0 l&rsquo;amour, au bonheur, \u00e0 l&rsquo;injustice, aux liens familiaux, aux extr\u00e9mismes qui se faufilent. Passant d&rsquo;une id\u00e9e \u00e0 l&rsquo;autre, le spectateur peut se perdre dans ses pens\u00e9es \u2013 un slalom exigu dans les profondeurs de la solitude et du silence \u2013 mais se retrouvera travers\u00e9 par des questionnements indispensables et toujours d&rsquo;actualit\u00e9.<\/em><\/p>\n<\/blockquote>\n\n\n<figure class=\"wp-block-image size-large\"><img loading=\"lazy\" decoding=\"async\" width=\"1024\" height=\"683\" src=\"https:\/\/passerelles-theatre.fr\/site\/wp-content\/uploads\/2020\/12\/2020_11_08_la_nuit_passerelles_theatre_BassDef_023-1-1024x683.jpg\" alt=\"\" class=\"wp-image-2698\" srcset=\"https:\/\/passerelles-theatre.fr\/site\/wp-content\/uploads\/2020\/12\/2020_11_08_la_nuit_passerelles_theatre_BassDef_023-1-980x653.jpg 980w, https:\/\/passerelles-theatre.fr\/site\/wp-content\/uploads\/2020\/12\/2020_11_08_la_nuit_passerelles_theatre_BassDef_023-1-480x320.jpg 480w\" sizes=\"(min-width: 0px) and (max-width: 480px) 480px, (min-width: 481px) and (max-width: 980px) 980px, (min-width: 981px) 1024px, 100vw\" \/><figcaption>Cr\u00e9dit photo : \u00c9MILIE SFEZ<\/figcaption><\/figure>\n\n\n\n<p><strong>R\u00e9sidences pass\u00e9es :<\/strong><br>Du 15 au 19 f\u00e9vrier 2021, Le Quai des Arts, Argentan (61) \/ Pr\u00e9sentation aux professionnel.le.s le 19 f\u00e9vrier.<br>Du 18 au 21 janvier 2021, Le Tapis Vert, Lalacelle (61)<br>Du 23 au 27 novembre 2020, Le Th\u00e9\u00e2tre de Lisieux (14), Pr\u00e9sentation aux professionnel.le.s le 27 novembre.<br>Du 17 au 19 novembre 2020, Le Th\u00e9\u00e2tre du Forum de Falaise<br>Du 25 au 27 mai et du 21 au 28 ao\u00fbt 2020, Le Wip, Colombelles (14)<br>Du 9 au 13 mars 2020, La Centrifugeuz, Caen. Restitution le 13 mars \u00e0 15h et 19h30 au FJT Horizon \u00e0 H\u00e9rouville St-Clair (14)<br>Du 31 janvier au 4 f\u00e9vrier 2020, Le Mus\u00e9e des automates de Falaise (14). Pr\u00e9sentation d&rsquo;une \u00e9tape de travail le 4 f\u00e9vrier dans le cadre de Festival Th\u00e9\u00e2tre \u00c9mois de la ville de Falaise<br>Du 6 au 10 janvier 2020, Les Ateliers Interm\u00e9diaires, Caen. Restitution le 10 janvier \u00e0 15h<br>Du 4 au 8 novembre 2019, Centre socio-culturel Gr\u00e2ce de Dieu, Caen<br>Du 7 au 11 octobre 2019, La Centrifugeuz, Caen (14)<\/p>\n\n\n\n<p><\/p>\n\n\n\n<figure class=\"wp-block-embed is-type-video is-provider-youtube wp-block-embed-youtube wp-embed-aspect-16-9 wp-has-aspect-ratio\"><div class=\"wp-block-embed__wrapper\">\n<iframe loading=\"lazy\" title=\"La nuit juste avant les for\u00eats Kolt\u00e8s reportage France 3 Normandie 27 nov 20\" width=\"1080\" height=\"608\" src=\"https:\/\/www.youtube.com\/embed\/MnbxmryakFw?feature=oembed\"  allow=\"accelerometer; autoplay; clipboard-write; encrypted-media; gyroscope; picture-in-picture; web-share\" allowfullscreen><\/iframe>\n<\/div><figcaption>Reportage France 3 Normandie \/ 27 novembre 2020 \u00e0 Lisieux<\/figcaption><\/figure>\n\n\n\n<p><\/p>\n\n\n\n<h3 class=\"wp-block-heading\">Partenaires<\/h3>\n\n\n\n<p>DRAC Normandie, ANCT et Pr\u00e9fet du Calvados, D\u00e9partements du Calvados et de l\u2019Orne, Agglom\u00e9ration de Caen la mer, Villes d\u2019H\u00e9rouville-Saint-Clair, Caen, Argentan, Colombelles, Le MAIF Social Club \u00e0 Paris, Le Festival Th\u00e9\u00e2tre \u00c9mois\u00a0\u00e0 Falaise, Le Wip \u00e0 Colombelles, Le Th\u00e9\u00e2tre de Lisieux, Le Quai des Arts \u00e0 Argentan, La Centrifugeuz \u00e0 Caen, Le K-Rabo \u00e0 Rabodanges, URHAJ Normandie, CAF de l\u2019Orne et du Calvados, Fondation SNCF.<\/p>\n\n\n\n<p>Cette cr\u00e9ation b\u00e9n\u00e9ficie du Plan de Relance 2021 de la DRAC Normandie.<\/p>\n\n\n\n<div class=\"wp-block-media-text alignwide is-stacked-on-mobile\" style=\"grid-template-columns:15% auto\"><figure class=\"wp-block-media-text__media\"><img loading=\"lazy\" decoding=\"async\" width=\"1024\" height=\"1024\" src=\"https:\/\/passerelles-theatre.fr\/site\/wp-content\/uploads\/2021\/09\/FRANCE-RELANCE-NOUVEAU-LOGO-1024x1024.png\" alt=\"\" class=\"wp-image-2975 size-full\" srcset=\"https:\/\/passerelles-theatre.fr\/site\/wp-content\/uploads\/2021\/09\/FRANCE-RELANCE-NOUVEAU-LOGO-980x980.png 980w, https:\/\/passerelles-theatre.fr\/site\/wp-content\/uploads\/2021\/09\/FRANCE-RELANCE-NOUVEAU-LOGO-480x480.png 480w\" sizes=\"(min-width: 0px) and (max-width: 480px) 480px, (min-width: 481px) and (max-width: 980px) 980px, (min-width: 981px) 1024px, 100vw\" \/><\/figure><div class=\"wp-block-media-text__content\">\n<p class=\"has-large-font-size\"><\/p>\n<\/div><\/div>\n\n\n\n<p><em><em>Ce spectacle est d\u00e9sormais disponible sur le site ADAGE, pour b\u00e9n\u00e9ficier du dispositif Pass Culture.<br>Merci de nous contacter pour plus d&rsquo;informations.<\/em><\/em><\/p>\n","protected":false},"excerpt":{"rendered":"<p>Cr\u00e9ation 2020\/21 Mise en sc\u00e8ne par Clotilde Labb\u00e9, avec Samuel Desfontaines, David Hess \u00e0 la musique et Aur\u00e9liane Pazzaglia \u00e0 la cr\u00e9ation lumi\u00e8res. Nous sommes tr\u00e8s heureux d&rsquo;avoir pr\u00e9sent\u00e9 La Nuit juste avant les for\u00eats de Kolt\u00e8s au MAIF Social Club \u00e0 Paris, sur quatre dates, en janvier 2023. Merci \u00e0 l&rsquo;ensemble de l&rsquo;\u00e9quipe pour [&hellip;]<\/p>\n","protected":false},"author":2,"featured_media":2582,"comment_status":"closed","ping_status":"open","sticky":false,"template":"","format":"standard","meta":{"_et_pb_use_builder":"","_et_pb_old_content":"","_et_gb_content_width":"","footnotes":""},"categories":[4],"tags":[],"class_list":["post-2280","post","type-post","status-publish","format-standard","has-post-thumbnail","hentry","category-creations-artistiques"],"aioseo_notices":[],"_links":{"self":[{"href":"https:\/\/passerelles-theatre.fr\/site\/wp-json\/wp\/v2\/posts\/2280"}],"collection":[{"href":"https:\/\/passerelles-theatre.fr\/site\/wp-json\/wp\/v2\/posts"}],"about":[{"href":"https:\/\/passerelles-theatre.fr\/site\/wp-json\/wp\/v2\/types\/post"}],"author":[{"embeddable":true,"href":"https:\/\/passerelles-theatre.fr\/site\/wp-json\/wp\/v2\/users\/2"}],"replies":[{"embeddable":true,"href":"https:\/\/passerelles-theatre.fr\/site\/wp-json\/wp\/v2\/comments?post=2280"}],"version-history":[{"count":115,"href":"https:\/\/passerelles-theatre.fr\/site\/wp-json\/wp\/v2\/posts\/2280\/revisions"}],"predecessor-version":[{"id":4066,"href":"https:\/\/passerelles-theatre.fr\/site\/wp-json\/wp\/v2\/posts\/2280\/revisions\/4066"}],"wp:featuredmedia":[{"embeddable":true,"href":"https:\/\/passerelles-theatre.fr\/site\/wp-json\/wp\/v2\/media\/2582"}],"wp:attachment":[{"href":"https:\/\/passerelles-theatre.fr\/site\/wp-json\/wp\/v2\/media?parent=2280"}],"wp:term":[{"taxonomy":"category","embeddable":true,"href":"https:\/\/passerelles-theatre.fr\/site\/wp-json\/wp\/v2\/categories?post=2280"},{"taxonomy":"post_tag","embeddable":true,"href":"https:\/\/passerelles-theatre.fr\/site\/wp-json\/wp\/v2\/tags?post=2280"}],"curies":[{"name":"wp","href":"https:\/\/api.w.org\/{rel}","templated":true}]}}